{"id":286,"date":"2015-01-29T12:16:52","date_gmt":"2015-01-29T12:16:52","guid":{"rendered":"http:\/\/www.comitedequartiermessidor.be\/?p=286"},"modified":"2015-02-19T21:32:21","modified_gmt":"2015-02-19T21:32:21","slug":"appel-a-participation-defi-moins-demballages","status":"publish","type":"post","link":"https:\/\/www.comitedequartiermessidor.be\/?p=286","title":{"rendered":"Appel \u00e0 participation : D\u00e9fi Moins d&#8217;emballages"},"content":{"rendered":"<p><img loading=\"lazy\" decoding=\"async\" class=\"spotlight\" src=\"https:\/\/scontent-a-lhr.xx.fbcdn.net\/hphotos-xfp1\/v\/t1.0-9\/10952587_328354630692685_3937369308108933867_n.png?oh=cf02c8fa5730dfb90d43adf894417bc8&amp;oe=555F2F8C\" alt=\"\" width=\"634\" height=\"189\" \/><\/p>\n<p>Vous avez toujours voulu savoir comment diminuer vos d\u00e9chets ? Bruxelles \u00a0environnement vous propose avec l&rsquo;aide d&rsquo;un coach une participation au projet \u00ab\u00a0D\u00e9fi moins d&#8217;emballages\u00a0\u00bb<\/p>\n<p><strong>R\u00e9unions d&rsquo;infos<\/strong> :<\/p>\n<p>07 f\u00e9vrier de 10h \u00e0 12h<\/p>\n<p>12 f\u00e9vrier de 19h \u00e0 21h<\/p>\n<p>&nbsp;<\/p>\n<p><a href=\"http:\/\/www.espace-environnement\">Moins de d\u00e9chets inscription<\/a><\/p>\n<p><a href=\"http:\/\/www.espace-environnement.be\/pdf\/enviro_defi_emballages.pdf\">Infos \u00ab\u00a0D\u00e9fi moins d&#8217;emballages\u00a0\u00bb<\/a><\/p>\n<div id=\"photos_snowlift\" class=\"_n8 _3qx fbPhotoSnowlift fbxPhoto uiLayer _3qw pagingReady slideshowAvailable\" tabindex=\"0\"><\/div>\n<p>&nbsp;<\/p>\n<p>&nbsp;<\/p>\n<p>&nbsp;<\/p>\n","protected":false},"excerpt":{"rendered":"<p>Vous avez toujours voulu savoir comment diminuer vos d\u00e9chets ? Bruxelles \u00a0environnement vous propose avec l&rsquo;aide d&rsquo;un coach une participation au projet \u00ab\u00a0D\u00e9fi moins d&#8217;emballages\u00a0\u00bb R\u00e9unions d&rsquo;infos : 07 f\u00e9vrier de 10h \u00e0 12h 12 f\u00e9vrier de 19h \u00e0 21h &hellip; <a href=\"https:\/\/www.comitedequartiermessidor.be\/?p=286\">Continuer la lecture <span class=\"meta-nav\">&rarr;<\/span><\/a><\/p>\n","protected":false},"author":1,"featured_media":0,"comment_status":"open","ping_status":"open","sticky":false,"template":"","format":"standard","meta":{"jetpack_post_was_ever_published":false,"_jetpack_newsletter_access":"","_jetpack_dont_email_post_to_subs":false,"_jetpack_newsletter_tier_id":0,"_jetpack_memberships_contains_paywalled_content":false,"_jetpack_memberships_contains_paid_content":false,"footnotes":"","jetpack_publicize_message":"","jetpack_publicize_feature_enabled":true,"jetpack_social_post_already_shared":false,"jetpack_social_options":{"image_generator_settings":{"template":"highway","enabled":false}}},"categories":[1],"tags":[],"post_folder":[],"jetpack_publicize_connections":[],"jetpack_sharing_enabled":true,"jetpack_featured_media_url":"","_links":{"self":[{"href":"https:\/\/www.comitedequartiermessidor.be\/index.php?rest_route=\/wp\/v2\/posts\/286"}],"collection":[{"href":"https:\/\/www.comitedequartiermessidor.be\/index.php?rest_route=\/wp\/v2\/posts"}],"about":[{"href":"https:\/\/www.comitedequartiermessidor.be\/index.php?rest_route=\/wp\/v2\/types\/post"}],"author":[{"embeddable":true,"href":"https:\/\/www.comitedequartiermessidor.be\/index.php?rest_route=\/wp\/v2\/users\/1"}],"replies":[{"embeddable":true,"href":"https:\/\/www.comitedequartiermessidor.be\/index.php?rest_route=%2Fwp%2Fv2%2Fcomments&post=286"}],"version-history":[{"count":3,"href":"https:\/\/www.comitedequartiermessidor.be\/index.php?rest_route=\/wp\/v2\/posts\/286\/revisions"}],"predecessor-version":[{"id":290,"href":"https:\/\/www.comitedequartiermessidor.be\/index.php?rest_route=\/wp\/v2\/posts\/286\/revisions\/290"}],"wp:attachment":[{"href":"https:\/\/www.comitedequartiermessidor.be\/index.php?rest_route=%2Fwp%2Fv2%2Fmedia&parent=286"}],"wp:term":[{"taxonomy":"category","embeddable":true,"href":"https:\/\/www.comitedequartiermessidor.be\/index.php?rest_route=%2Fwp%2Fv2%2Fcategories&post=286"},{"taxonomy":"post_tag","embeddable":true,"href":"https:\/\/www.comitedequartiermessidor.be\/index.php?rest_route=%2Fwp%2Fv2%2Ftags&post=286"},{"taxonomy":"post_folder","embeddable":true,"href":"https:\/\/www.comitedequartiermessidor.be\/index.php?rest_route=%2Fwp%2Fv2%2Fpost_folder&post=286"}],"curies":[{"name":"wp","href":"https:\/\/api.w.org\/{rel}","templated":true}]}}