{"id":1839,"date":"2026-08-30T14:31:22","date_gmt":"2026-08-30T13:31:22","guid":{"rendered":"https:\/\/www.comitedequartiermessidor.be\/?p=1839"},"modified":"2026-08-30T15:49:55","modified_gmt":"2026-08-30T14:49:55","slug":"reimaginons","status":"publish","type":"post","link":"https:\/\/www.comitedequartiermessidor.be\/?p=1839","title":{"rendered":"R\u00e9imaginons"},"content":{"rendered":"\n<figure class=\"wp-block-gallery has-nested-images columns-default is-cropped wp-block-gallery-1 is-layout-flex wp-block-gallery-is-layout-flex\"><\/figure>\n\n\n\n<p class=\"has-medium-font-size wp-block-paragraph\"><strong>Bonjour et bienvenue sur le site du quartier durable Messidor<\/strong> situ\u00e9 sur les communes de Forest et Uccle.<\/p>\n\n\n\n<p class=\"has-medium-font-size wp-block-paragraph\"><strong>Les habitant.es se mobilisent \u00e0 des niveaux divers, chaque jour pour rendre leur quartier plus vert, convivial et vivant!<\/strong><\/p>\n\n\n\n<p class=\"has-medium-font-size wp-block-paragraph\">Voici une carte joliment dessin\u00e9e pour mieux te rep\u00e9rer. N&rsquo;h\u00e9site pas \u00e0 venir d\u00e9couvrir, verger, potager, rucher&#8230;<\/p>\n\n\n\n<figure class=\"wp-block-image size-large\"><a href=\"https:\/\/www.comitedequartiermessidor.be\/wp-content\/uploads\/2015\/01\/RectoMessidor-page-001.jpg\"><img loading=\"lazy\" decoding=\"async\" width=\"1024\" height=\"724\" src=\"https:\/\/www.comitedequartiermessidor.be\/wp-content\/uploads\/2015\/01\/RectoMessidor-page-001-1024x724.jpg\" alt=\"\" class=\"wp-image-627\" srcset=\"https:\/\/www.comitedequartiermessidor.be\/wp-content\/uploads\/2015\/01\/RectoMessidor-page-001.jpg 1024w, https:\/\/www.comitedequartiermessidor.be\/wp-content\/uploads\/2015\/01\/RectoMessidor-page-001-300x212.jpg 300w\" sizes=\"auto, (max-width: 1024px) 100vw, 1024px\" \/><\/a><\/figure>\n\n\n\n<p class=\"has-medium-font-size wp-block-paragraph\"><strong>Depuis un certain temps, ce site web \u00e9tait dormant, il va bient\u00f4t se r\u00e9veiller et proposer des id\u00e9es, des annonces, des reportages, des invitations&#8230;<\/strong><\/p>\n\n\n\n<p class=\"has-medium-font-size wp-block-paragraph\">Reviens nous revisiter d&rsquo;ici peu et tu y trouveras de nouveaux articles et de chouette infos, <strong>pense \u00e0 t&rsquo;abonner \u00e0 notre newsletter<\/strong>.<\/p>\n\n\n\n<p class=\"has-medium-font-size wp-block-paragraph\">Si entre-temps, tu d\u00e9sires nous contacter, clique <a href=\"mailto:info@comitedequartiermessidor.be\" data-type=\"mailto\" data-id=\"mailto:info@comitedequartiermessidor.be\">ici<\/a>.<\/p>\n\n\n\n<p class=\"has-medium-font-size wp-block-paragraph\">Que ton \u00e9t\u00e9 soit ressour\u00e7ant et reposant !<\/p>\n\n\n\n<p class=\"has-medium-font-size wp-block-paragraph\">A bient\u00f4t<\/p>\n\n\n\n<p class=\"has-medium-font-size wp-block-paragraph\">l&rsquo;\u00e9quipe des joyeux.ses habitant.es du Quartier Durable Messidor<\/p>\n\n\n\n<figure class=\"wp-block-image size-large\"><a href=\"https:\/\/www.comitedequartiermessidor.be\/wp-content\/uploads\/2026\/08\/WhatsApp-Image-2026-07-01-at-16.59.43.jpeg\"><img loading=\"lazy\" decoding=\"async\" width=\"1024\" height=\"768\" src=\"https:\/\/www.comitedequartiermessidor.be\/wp-content\/uploads\/2026\/08\/WhatsApp-Image-2026-07-01-at-16.59.43-1024x768.jpeg\" alt=\"\" class=\"wp-image-1828\" srcset=\"https:\/\/www.comitedequartiermessidor.be\/wp-content\/uploads\/2026\/08\/WhatsApp-Image-2026-07-01-at-16.59.43-1024x768.jpeg 1024w, https:\/\/www.comitedequartiermessidor.be\/wp-content\/uploads\/2026\/08\/WhatsApp-Image-2026-07-01-at-16.59.43-300x225.jpeg 300w, https:\/\/www.comitedequartiermessidor.be\/wp-content\/uploads\/2026\/08\/WhatsApp-Image-2026-07-01-at-16.59.43-768x576.jpeg 768w, https:\/\/www.comitedequartiermessidor.be\/wp-content\/uploads\/2026\/08\/WhatsApp-Image-2026-07-01-at-16.59.43-1536x1152.jpeg 1536w, https:\/\/www.comitedequartiermessidor.be\/wp-content\/uploads\/2026\/08\/WhatsApp-Image-2026-07-01-at-16.59.43.jpeg 2048w\" sizes=\"auto, (max-width: 1024px) 100vw, 1024px\" \/><\/a><\/figure>\n\n\n\n<figure class=\"wp-block-image size-large\"><a href=\"https:\/\/www.comitedequartiermessidor.be\/wp-content\/uploads\/2015\/01\/cropped-cropped-Logo-Revons-Messidor-1.png\"><img loading=\"lazy\" decoding=\"async\" width=\"940\" height=\"486\" src=\"https:\/\/www.comitedequartiermessidor.be\/wp-content\/uploads\/2015\/01\/cropped-cropped-Logo-Revons-Messidor-1.png\" alt=\"\" class=\"wp-image-1803\" srcset=\"https:\/\/www.comitedequartiermessidor.be\/wp-content\/uploads\/2015\/01\/cropped-cropped-Logo-Revons-Messidor-1.png 940w, https:\/\/www.comitedequartiermessidor.be\/wp-content\/uploads\/2015\/01\/cropped-cropped-Logo-Revons-Messidor-1-300x155.png 300w, https:\/\/www.comitedequartiermessidor.be\/wp-content\/uploads\/2015\/01\/cropped-cropped-Logo-Revons-Messidor-1-768x397.png 768w\" sizes=\"auto, (max-width: 940px) 100vw, 940px\" \/><\/a><\/figure>\n\n\n","protected":false},"excerpt":{"rendered":"<p>Bonjour et bienvenue sur le site du quartier durable Messidor situ\u00e9 sur les communes de Forest et Uccle. Les habitant.es se mobilisent \u00e0 des niveaux divers, chaque jour pour rendre leur quartier plus vert, convivial et vivant! Voici une carte joliment dessin\u00e9e pour mieux te rep\u00e9rer. N&rsquo;h\u00e9site pas \u00e0 venir d\u00e9couvrir, verger, potager, rucher&#8230; Depuis&hellip;<\/p>\n","protected":false},"author":1,"featured_media":1828,"comment_status":"closed","ping_status":"open","sticky":false,"template":"","format":"standard","meta":{"jetpack_post_was_ever_published":false,"_jetpack_newsletter_access":"","_jetpack_dont_email_post_to_subs":true,"_jetpack_newsletter_tier_id":0,"_jetpack_memberships_contains_paywalled_content":false,"_jetpack_memberships_contains_paid_content":false,"footnotes":"","jetpack_publicize_message":"","jetpack_publicize_feature_enabled":false,"jetpack_social_post_already_shared":false,"jetpack_social_options":{"image_generator_settings":{"template":"highway","enabled":false}}},"categories":[20],"tags":[],"post_folder":[],"class_list":["post-1839","post","type-post","status-publish","format-standard","has-post-thumbnail","hentry","category-blog"],"jetpack_publicize_connections":[],"jetpack_sharing_enabled":true,"jetpack_featured_media_url":"https:\/\/www.comitedequartiermessidor.be\/wp-content\/uploads\/2026\/08\/WhatsApp-Image-2026-07-01-at-16.59.43.jpeg","_links":{"self":[{"href":"https:\/\/www.comitedequartiermessidor.be\/index.php?rest_route=\/wp\/v2\/posts\/1839","targetHints":{"allow":["GET"]}}],"collection":[{"href":"https:\/\/www.comitedequartiermessidor.be\/index.php?rest_route=\/wp\/v2\/posts"}],"about":[{"href":"https:\/\/www.comitedequartiermessidor.be\/index.php?rest_route=\/wp\/v2\/types\/post"}],"author":[{"embeddable":true,"href":"https:\/\/www.comitedequartiermessidor.be\/index.php?rest_route=\/wp\/v2\/users\/1"}],"replies":[{"embeddable":true,"href":"https:\/\/www.comitedequartiermessidor.be\/index.php?rest_route=%2Fwp%2Fv2%2Fcomments&post=1839"}],"version-history":[{"count":8,"href":"https:\/\/www.comitedequartiermessidor.be\/index.php?rest_route=\/wp\/v2\/posts\/1839\/revisions"}],"predecessor-version":[{"id":1869,"href":"https:\/\/www.comitedequartiermessidor.be\/index.php?rest_route=\/wp\/v2\/posts\/1839\/revisions\/1869"}],"wp:featuredmedia":[{"embeddable":true,"href":"https:\/\/www.comitedequartiermessidor.be\/index.php?rest_route=\/wp\/v2\/media\/1828"}],"wp:attachment":[{"href":"https:\/\/www.comitedequartiermessidor.be\/index.php?rest_route=%2Fwp%2Fv2%2Fmedia&parent=1839"}],"wp:term":[{"taxonomy":"category","embeddable":true,"href":"https:\/\/www.comitedequartiermessidor.be\/index.php?rest_route=%2Fwp%2Fv2%2Fcategories&post=1839"},{"taxonomy":"post_tag","embeddable":true,"href":"https:\/\/www.comitedequartiermessidor.be\/index.php?rest_route=%2Fwp%2Fv2%2Ftags&post=1839"},{"taxonomy":"post_folder","embeddable":true,"href":"https:\/\/www.comitedequartiermessidor.be\/index.php?rest_route=%2Fwp%2Fv2%2Fpost_folder&post=1839"}],"curies":[{"name":"wp","href":"https:\/\/api.w.org\/{rel}","templated":true}]}}