{"id":1817,"date":"2026-08-30T08:29:14","date_gmt":"2026-08-30T07:29:14","guid":{"rendered":"https:\/\/www.comitedequartiermessidor.be\/?p=1817"},"modified":"2026-08-30T15:08:49","modified_gmt":"2026-08-30T14:08:49","slug":"recolte-du-miel","status":"publish","type":"post","link":"https:\/\/www.comitedequartiermessidor.be\/?p=1817","title":{"rendered":"R\u00e9colte du Miel"},"content":{"rendered":"\n<p class=\"has-medium-font-size wp-block-paragraph\">Dimanche 24 mai, j\u2019ai \u00e9t\u00e9 avec mes parents et ma petite soeur \u00e0 la plaine d\u2019Anjou pour r\u00e9colter le<strong> miel des abeilles de notre quartier<\/strong> <strong>avec nos voisins et nos voisines<\/strong>.<\/p>\n\n\n\n<p class=\"has-medium-font-size wp-block-paragraph\">Karine et Jean-Claude nous ont amen\u00e9 les cadres plein de miel qu\u2019ils avaient retir\u00e9s des ruches, \u00e9quip\u00e9s de leur combinaison d\u2019apiculteurs. Il fallait bien fermer la porte du local pour que des abeilles ne viennent pas nous piquer \u00e0 l\u2019int\u00e9rieur. Nous devions ensuite d\u00e9soperculer les cadres avec une herse (une sorte de fourchette \u00e0 d\u00e9soperculer). <strong>C\u2019\u00e9tait trop chouette \u00e0 faire!<\/strong> C\u2019est Marie-Anne et Maria qui m\u2019ont montr\u00e9 comment faire: il faut gratter la fine couche de cire (les opercules) que les abeilles d\u00e9posent sur les alv\u00e9oles pour sceller le miel. C\u2019\u00e9tait tr\u00e8s interessant et j\u2019ai remarqu\u00e9 que les miels \u00e9taient de diff\u00e9rentes couleurs (plus clairs et plus fonc\u00e9s) et avaient des saveurs diff\u00e9rentes selon les cadres. C\u2019\u00e9tait \u00e0 cause des diff\u00e9rentes fleurs que les abeilles avaient butin\u00e9es.<\/p>\n\n\n\n<p class=\"has-medium-font-size wp-block-paragraph\">Ensuite Jose, Assunta et les autres voisins et voisines pla\u00e7aient les cadres dans un extracteur centrifuge. Jean-Claude faisait tourner la manivelle et le miel coulait dans le fond de la machine. Puis on ouvrait le petit robinet en bas de la machine et on r\u00e9coltait le miel apr\u00e8s l\u2019avoir filtr\u00e9 ! C\u2019\u00e9tait tr\u00e8s beau \u00e0 voir. On a pes\u00e9 le miel et <strong><span style=\"text-decoration: underline;\">on a r\u00e9colt\u00e9 70 kg<\/span><\/strong> !<strong> Avec les voisins et les voisines on s\u2019est activ\u00e9s toute la matin\u00e9e<\/strong> dans le petit local comme si on \u00e9tait une petite ruche nous aussi. Le sol \u00e9tait un peu collant \u00e0 la fin car y a du miel qui \u00e9tait tomb\u00e9 par terre. C\u2019\u00e9tait super cool et ma petite s\u0153ur et moi on a pu go\u00fbter aux diff\u00e9rents miels toute la matin\u00e9e. C\u2019\u00e9tait d\u00e9licieux!<\/p>\n\n\n\n<p class=\"has-medium-font-size wp-block-paragraph\">Amalia, 10 ans.<\/p>\n\n\n\n<p class=\"has-medium-font-size wp-block-paragraph\">Dr\u00e8ve du Tastevin&nbsp;<\/p>\n\n\n\n<figure class=\"wp-block-gallery has-nested-images columns-default is-cropped wp-block-gallery-1 is-layout-flex wp-block-gallery-is-layout-flex\">\n<figure class=\"wp-block-image size-large\"><a href=\"https:\/\/www.comitedequartiermessidor.be\/wp-content\/uploads\/2026\/08\/WhatsApp-Image-2026-06-26-at-15.38.24.jpeg\"><img decoding=\"async\" data-id=\"1825\" src=\"https:\/\/www.comitedequartiermessidor.be\/wp-content\/uploads\/2026\/08\/WhatsApp-Image-2026-06-26-at-15.38.24-768x1024.jpeg\" alt=\"\" class=\"wp-image-1825\"\/><\/a><\/figure>\n\n\n\n<figure class=\"wp-block-image size-large\"><a href=\"https:\/\/www.comitedequartiermessidor.be\/wp-content\/uploads\/2026\/08\/WhatsApp-Image-2026-06-26-at-15.38.24-7.jpeg\"><img loading=\"lazy\" decoding=\"async\" width=\"1024\" height=\"768\" data-id=\"1824\" src=\"https:\/\/www.comitedequartiermessidor.be\/wp-content\/uploads\/2026\/08\/WhatsApp-Image-2026-06-26-at-15.38.24-7-1024x768.jpeg\" alt=\"\" class=\"wp-image-1824\" srcset=\"https:\/\/www.comitedequartiermessidor.be\/wp-content\/uploads\/2026\/08\/WhatsApp-Image-2026-06-26-at-15.38.24-7-1024x768.jpeg 1024w, https:\/\/www.comitedequartiermessidor.be\/wp-content\/uploads\/2026\/08\/WhatsApp-Image-2026-06-26-at-15.38.24-7-300x225.jpeg 300w, https:\/\/www.comitedequartiermessidor.be\/wp-content\/uploads\/2026\/08\/WhatsApp-Image-2026-06-26-at-15.38.24-7-768x576.jpeg 768w, https:\/\/www.comitedequartiermessidor.be\/wp-content\/uploads\/2026\/08\/WhatsApp-Image-2026-06-26-at-15.38.24-7-1536x1152.jpeg 1536w, https:\/\/www.comitedequartiermessidor.be\/wp-content\/uploads\/2026\/08\/WhatsApp-Image-2026-06-26-at-15.38.24-7.jpeg 1600w\" sizes=\"auto, (max-width: 1024px) 100vw, 1024px\" \/><\/a><\/figure>\n\n\n\n<figure class=\"wp-block-image size-large\"><a href=\"https:\/\/www.comitedequartiermessidor.be\/wp-content\/uploads\/2026\/08\/WhatsApp-Image-2026-06-26-at-15.38.24-6.jpeg\"><img loading=\"lazy\" decoding=\"async\" width=\"768\" height=\"1024\" data-id=\"1823\" src=\"https:\/\/www.comitedequartiermessidor.be\/wp-content\/uploads\/2026\/08\/WhatsApp-Image-2026-06-26-at-15.38.24-6-768x1024.jpeg\" alt=\"\" class=\"wp-image-1823\" srcset=\"https:\/\/www.comitedequartiermessidor.be\/wp-content\/uploads\/2026\/08\/WhatsApp-Image-2026-06-26-at-15.38.24-6-768x1024.jpeg 768w, https:\/\/www.comitedequartiermessidor.be\/wp-content\/uploads\/2026\/08\/WhatsApp-Image-2026-06-26-at-15.38.24-6-225x300.jpeg 225w, https:\/\/www.comitedequartiermessidor.be\/wp-content\/uploads\/2026\/08\/WhatsApp-Image-2026-06-26-at-15.38.24-6-1152x1536.jpeg 1152w, https:\/\/www.comitedequartiermessidor.be\/wp-content\/uploads\/2026\/08\/WhatsApp-Image-2026-06-26-at-15.38.24-6.jpeg 1200w\" sizes=\"auto, (max-width: 768px) 100vw, 768px\" \/><\/a><\/figure>\n\n\n\n<figure class=\"wp-block-image size-large\"><a href=\"https:\/\/www.comitedequartiermessidor.be\/wp-content\/uploads\/2026\/08\/WhatsApp-Image-2026-06-26-at-15.38.24-5.jpeg\"><img loading=\"lazy\" decoding=\"async\" width=\"768\" height=\"1024\" data-id=\"1822\" src=\"https:\/\/www.comitedequartiermessidor.be\/wp-content\/uploads\/2026\/08\/WhatsApp-Image-2026-06-26-at-15.38.24-5-768x1024.jpeg\" alt=\"\" class=\"wp-image-1822\" srcset=\"https:\/\/www.comitedequartiermessidor.be\/wp-content\/uploads\/2026\/08\/WhatsApp-Image-2026-06-26-at-15.38.24-5-768x1024.jpeg 768w, https:\/\/www.comitedequartiermessidor.be\/wp-content\/uploads\/2026\/08\/WhatsApp-Image-2026-06-26-at-15.38.24-5-225x300.jpeg 225w, https:\/\/www.comitedequartiermessidor.be\/wp-content\/uploads\/2026\/08\/WhatsApp-Image-2026-06-26-at-15.38.24-5-1152x1536.jpeg 1152w, https:\/\/www.comitedequartiermessidor.be\/wp-content\/uploads\/2026\/08\/WhatsApp-Image-2026-06-26-at-15.38.24-5.jpeg 1200w\" sizes=\"auto, (max-width: 768px) 100vw, 768px\" \/><\/a><\/figure>\n\n\n\n<figure class=\"wp-block-image size-large\"><a href=\"https:\/\/www.comitedequartiermessidor.be\/wp-content\/uploads\/2026\/08\/WhatsApp-Image-2026-06-26-at-15.38.24-4.jpeg\"><img loading=\"lazy\" decoding=\"async\" width=\"768\" height=\"1024\" data-id=\"1821\" src=\"https:\/\/www.comitedequartiermessidor.be\/wp-content\/uploads\/2026\/08\/WhatsApp-Image-2026-06-26-at-15.38.24-4-768x1024.jpeg\" alt=\"\" class=\"wp-image-1821\" srcset=\"https:\/\/www.comitedequartiermessidor.be\/wp-content\/uploads\/2026\/08\/WhatsApp-Image-2026-06-26-at-15.38.24-4-768x1024.jpeg 768w, https:\/\/www.comitedequartiermessidor.be\/wp-content\/uploads\/2026\/08\/WhatsApp-Image-2026-06-26-at-15.38.24-4-225x300.jpeg 225w, https:\/\/www.comitedequartiermessidor.be\/wp-content\/uploads\/2026\/08\/WhatsApp-Image-2026-06-26-at-15.38.24-4-1152x1536.jpeg 1152w, https:\/\/www.comitedequartiermessidor.be\/wp-content\/uploads\/2026\/08\/WhatsApp-Image-2026-06-26-at-15.38.24-4.jpeg 1200w\" sizes=\"auto, (max-width: 768px) 100vw, 768px\" \/><\/a><\/figure>\n\n\n\n<figure class=\"wp-block-image size-large\"><a href=\"https:\/\/www.comitedequartiermessidor.be\/wp-content\/uploads\/2026\/08\/WhatsApp-Image-2026-06-26-at-15.38.24-3.jpeg\"><img loading=\"lazy\" decoding=\"async\" width=\"768\" height=\"1024\" data-id=\"1820\" src=\"https:\/\/www.comitedequartiermessidor.be\/wp-content\/uploads\/2026\/08\/WhatsApp-Image-2026-06-26-at-15.38.24-3-768x1024.jpeg\" alt=\"\" class=\"wp-image-1820\" srcset=\"https:\/\/www.comitedequartiermessidor.be\/wp-content\/uploads\/2026\/08\/WhatsApp-Image-2026-06-26-at-15.38.24-3-768x1024.jpeg 768w, https:\/\/www.comitedequartiermessidor.be\/wp-content\/uploads\/2026\/08\/WhatsApp-Image-2026-06-26-at-15.38.24-3-225x300.jpeg 225w, https:\/\/www.comitedequartiermessidor.be\/wp-content\/uploads\/2026\/08\/WhatsApp-Image-2026-06-26-at-15.38.24-3-1152x1536.jpeg 1152w, https:\/\/www.comitedequartiermessidor.be\/wp-content\/uploads\/2026\/08\/WhatsApp-Image-2026-06-26-at-15.38.24-3.jpeg 1200w\" sizes=\"auto, (max-width: 768px) 100vw, 768px\" \/><\/a><\/figure>\n\n\n\n<figure class=\"wp-block-image size-large\"><a href=\"https:\/\/www.comitedequartiermessidor.be\/wp-content\/uploads\/2026\/08\/WhatsApp-Image-2026-06-26-at-15.38.24-2.jpeg\"><img loading=\"lazy\" decoding=\"async\" width=\"768\" height=\"1024\" data-id=\"1819\" src=\"https:\/\/www.comitedequartiermessidor.be\/wp-content\/uploads\/2026\/08\/WhatsApp-Image-2026-06-26-at-15.38.24-2-768x1024.jpeg\" alt=\"\" class=\"wp-image-1819\" srcset=\"https:\/\/www.comitedequartiermessidor.be\/wp-content\/uploads\/2026\/08\/WhatsApp-Image-2026-06-26-at-15.38.24-2-768x1024.jpeg 768w, https:\/\/www.comitedequartiermessidor.be\/wp-content\/uploads\/2026\/08\/WhatsApp-Image-2026-06-26-at-15.38.24-2-225x300.jpeg 225w, https:\/\/www.comitedequartiermessidor.be\/wp-content\/uploads\/2026\/08\/WhatsApp-Image-2026-06-26-at-15.38.24-2-1152x1536.jpeg 1152w, https:\/\/www.comitedequartiermessidor.be\/wp-content\/uploads\/2026\/08\/WhatsApp-Image-2026-06-26-at-15.38.24-2.jpeg 1200w\" sizes=\"auto, (max-width: 768px) 100vw, 768px\" \/><\/a><\/figure>\n\n\n\n<figure class=\"wp-block-image size-large\"><a href=\"https:\/\/www.comitedequartiermessidor.be\/wp-content\/uploads\/2026\/08\/WhatsApp-Image-2026-06-26-at-15.38.24-1.jpeg\"><img loading=\"lazy\" decoding=\"async\" width=\"768\" height=\"1024\" data-id=\"1818\" src=\"https:\/\/www.comitedequartiermessidor.be\/wp-content\/uploads\/2026\/08\/WhatsApp-Image-2026-06-26-at-15.38.24-1-768x1024.jpeg\" alt=\"\" class=\"wp-image-1818\" srcset=\"https:\/\/www.comitedequartiermessidor.be\/wp-content\/uploads\/2026\/08\/WhatsApp-Image-2026-06-26-at-15.38.24-1-768x1024.jpeg 768w, https:\/\/www.comitedequartiermessidor.be\/wp-content\/uploads\/2026\/08\/WhatsApp-Image-2026-06-26-at-15.38.24-1-225x300.jpeg 225w, https:\/\/www.comitedequartiermessidor.be\/wp-content\/uploads\/2026\/08\/WhatsApp-Image-2026-06-26-at-15.38.24-1-1152x1536.jpeg 1152w, https:\/\/www.comitedequartiermessidor.be\/wp-content\/uploads\/2026\/08\/WhatsApp-Image-2026-06-26-at-15.38.24-1.jpeg 1200w\" sizes=\"auto, (max-width: 768px) 100vw, 768px\" \/><\/a><\/figure>\n<\/figure>\n","protected":false},"excerpt":{"rendered":"<p>Dimanche 24 mai, j\u2019ai \u00e9t\u00e9 avec mes parents et ma petite soeur \u00e0 la plaine d\u2019Anjou pour r\u00e9colter le miel des abeilles de notre quartier avec nos voisins et nos voisines. Karine et Jean-Claude nous ont amen\u00e9 les cadres plein de miel qu\u2019ils avaient retir\u00e9s des ruches, \u00e9quip\u00e9s de leur combinaison d\u2019apiculteurs. Il fallait bien&hellip;<\/p>\n","protected":false},"author":1,"featured_media":1825,"comment_status":"closed","ping_status":"open","sticky":false,"template":"","format":"standard","meta":{"jetpack_post_was_ever_published":false,"_jetpack_newsletter_access":"","_jetpack_dont_email_post_to_subs":false,"_jetpack_newsletter_tier_id":0,"_jetpack_memberships_contains_paywalled_content":false,"_jetpack_memberships_contains_paid_content":false,"footnotes":"","jetpack_publicize_message":"","jetpack_publicize_feature_enabled":true,"jetpack_social_post_already_shared":true,"jetpack_social_options":{"image_generator_settings":{"template":"highway","enabled":false}}},"categories":[20,15],"tags":[],"post_folder":[],"class_list":["post-1817","post","type-post","status-publish","format-standard","has-post-thumbnail","hentry","category-blog","category-rucher"],"jetpack_publicize_connections":[],"jetpack_sharing_enabled":true,"jetpack_featured_media_url":"https:\/\/www.comitedequartiermessidor.be\/wp-content\/uploads\/2026\/08\/WhatsApp-Image-2026-06-26-at-15.38.24-e1788076779411.jpeg","_links":{"self":[{"href":"https:\/\/www.comitedequartiermessidor.be\/index.php?rest_route=\/wp\/v2\/posts\/1817","targetHints":{"allow":["GET"]}}],"collection":[{"href":"https:\/\/www.comitedequartiermessidor.be\/index.php?rest_route=\/wp\/v2\/posts"}],"about":[{"href":"https:\/\/www.comitedequartiermessidor.be\/index.php?rest_route=\/wp\/v2\/types\/post"}],"author":[{"embeddable":true,"href":"https:\/\/www.comitedequartiermessidor.be\/index.php?rest_route=\/wp\/v2\/users\/1"}],"replies":[{"embeddable":true,"href":"https:\/\/www.comitedequartiermessidor.be\/index.php?rest_route=%2Fwp%2Fv2%2Fcomments&post=1817"}],"version-history":[{"count":5,"href":"https:\/\/www.comitedequartiermessidor.be\/index.php?rest_route=\/wp\/v2\/posts\/1817\/revisions"}],"predecessor-version":[{"id":1856,"href":"https:\/\/www.comitedequartiermessidor.be\/index.php?rest_route=\/wp\/v2\/posts\/1817\/revisions\/1856"}],"wp:featuredmedia":[{"embeddable":true,"href":"https:\/\/www.comitedequartiermessidor.be\/index.php?rest_route=\/wp\/v2\/media\/1825"}],"wp:attachment":[{"href":"https:\/\/www.comitedequartiermessidor.be\/index.php?rest_route=%2Fwp%2Fv2%2Fmedia&parent=1817"}],"wp:term":[{"taxonomy":"category","embeddable":true,"href":"https:\/\/www.comitedequartiermessidor.be\/index.php?rest_route=%2Fwp%2Fv2%2Fcategories&post=1817"},{"taxonomy":"post_tag","embeddable":true,"href":"https:\/\/www.comitedequartiermessidor.be\/index.php?rest_route=%2Fwp%2Fv2%2Ftags&post=1817"},{"taxonomy":"post_folder","embeddable":true,"href":"https:\/\/www.comitedequartiermessidor.be\/index.php?rest_route=%2Fwp%2Fv2%2Fpost_folder&post=1817"}],"curies":[{"name":"wp","href":"https:\/\/api.w.org\/{rel}","templated":true}]}}